{"id":2659,"date":"2025-09-08T12:18:54","date_gmt":"2025-09-08T10:18:54","guid":{"rendered":"https:\/\/laislabonitasocial.club\/from-estonia-to-mallorca-a-relocation-experts-journey\/"},"modified":"2025-09-08T12:45:30","modified_gmt":"2025-09-08T10:45:30","slug":"from-estonia-to-mallorca-a-relocation-experts-journey","status":"publish","type":"post","link":"https:\/\/laislabonitasocial.club\/es\/from-estonia-to-mallorca-a-relocation-experts-journey\/","title":{"rendered":"De Estonia a Mallorca: el viaje de un experto en reubicaci\u00f3n"},"content":{"rendered":"<h1 class=\"wp-block-heading\"><\/h1>\n\n\n\n<figure class=\"wp-block-image size-large\"><img data-recalc-dims=\"1\" fetchpriority=\"high\" decoding=\"async\" width=\"800\" height=\"600\" data-attachment-id=\"2657\" data-permalink=\"https:\/\/laislabonitasocial.club\/es\/img_9172\/\" data-orig-file=\"https:\/\/i0.wp.com\/laislabonitasocial.club\/wp-content\/uploads\/2025\/09\/img_9172.jpg?fit=2000%2C1500&amp;ssl=1\" data-orig-size=\"2000,1500\" data-comments-opened=\"1\" data-image-meta=\"{&quot;aperture&quot;:&quot;3.5&quot;,&quot;credit&quot;:&quot;&quot;,&quot;camera&quot;:&quot;DMC-GH4&quot;,&quot;caption&quot;:&quot;&quot;,&quot;created_timestamp&quot;:&quot;-62169984000&quot;,&quot;copyright&quot;:&quot;&quot;,&quot;focal_length&quot;:&quot;14&quot;,&quot;iso&quot;:&quot;320&quot;,&quot;shutter_speed&quot;:&quot;0.016666666666667&quot;,&quot;title&quot;:&quot;&quot;,&quot;orientation&quot;:&quot;1&quot;}\" data-image-title=\"img_9172\" data-image-description=\"\" data-image-caption=\"\" data-large-file=\"https:\/\/i0.wp.com\/laislabonitasocial.club\/wp-content\/uploads\/2025\/09\/img_9172.jpg?fit=800%2C600&amp;ssl=1\" src=\"https:\/\/i0.wp.com\/laislabonitasocial.club\/wp-content\/uploads\/2025\/09\/img_9172.jpg?resize=800%2C600&#038;ssl=1\" alt=\"\" class=\"wp-image-2657\" srcset=\"https:\/\/i0.wp.com\/laislabonitasocial.club\/wp-content\/uploads\/2025\/09\/img_9172.jpg?resize=1024%2C768&amp;ssl=1 1024w, https:\/\/i0.wp.com\/laislabonitasocial.club\/wp-content\/uploads\/2025\/09\/img_9172.jpg?resize=300%2C225&amp;ssl=1 300w, https:\/\/i0.wp.com\/laislabonitasocial.club\/wp-content\/uploads\/2025\/09\/img_9172.jpg?resize=768%2C576&amp;ssl=1 768w, https:\/\/i0.wp.com\/laislabonitasocial.club\/wp-content\/uploads\/2025\/09\/img_9172.jpg?resize=1536%2C1152&amp;ssl=1 1536w, https:\/\/i0.wp.com\/laislabonitasocial.club\/wp-content\/uploads\/2025\/09\/img_9172.jpg?resize=16%2C12&amp;ssl=1 16w, https:\/\/i0.wp.com\/laislabonitasocial.club\/wp-content\/uploads\/2025\/09\/img_9172.jpg?resize=1320%2C990&amp;ssl=1 1320w, https:\/\/i0.wp.com\/laislabonitasocial.club\/wp-content\/uploads\/2025\/09\/img_9172.jpg?resize=600%2C450&amp;ssl=1 600w, https:\/\/i0.wp.com\/laislabonitasocial.club\/wp-content\/uploads\/2025\/09\/img_9172.jpg?w=2000&amp;ssl=1 2000w, https:\/\/i0.wp.com\/laislabonitasocial.club\/wp-content\/uploads\/2025\/09\/img_9172.jpg?w=1600&amp;ssl=1 1600w\" sizes=\"(max-width: 800px) 100vw, 800px\" \/><\/figure>\n\n\n\n<p><em>Entrevista con la especialista en reubicaci\u00f3n, Diana, que colabora con nosotros para ayudar a los internacionales a hacer de Espa\u00f1a su hogar.<\/em><\/p>\n\n\n\n<p>Mudarse a un nuevo pa\u00eds es una de las mayores aventuras y desaf\u00edos de la vida. Para una emprendedora estonia, su propio viaje desde los pa\u00edses n\u00f3rdicos a Brasil, luego a las Islas Canarias y finalmente a Mallorca, se ha convertido en la base para ayudar a otros a navegar por el complejo mundo de la residencia en Espa\u00f1a. A trav\u00e9s de su empresa gottaLoveSpain y su colaboraci\u00f3n con La Isla Bonita Social Club, est\u00e1 convirtiendo sus sue\u00f1os de reubicaci\u00f3n en realidad.<\/p>\n\n\n\n<h2 class=\"wp-block-heading\"><strong>\u00bfCu\u00e1l es tu historia personal? \u00bfC\u00f3mo llegaste a Espa\u00f1a y qu\u00e9 te atrajo espec\u00edficamente a Mallorca?<\/strong><\/h2>\n\n\n\n<p>Viv\u00ed en Brasil de 2014 a 2017 y despu\u00e9s regres\u00e9 a mi pa\u00eds de origen, Estonia, donde trabaj\u00e9 en la Embajada de Brasil durante seis a\u00f1os. Mientras tanto, iba considerando poco a poco ad\u00f3nde mudarme. Sab\u00eda que ten\u00eda que ser un lugar c\u00e1lido, dentro de la Uni\u00f3n Europea, m\u00e1s seguro y con una log\u00edstica m\u00e1s compacta que Brasil; idealmente, una isla. As\u00ed fue como me mud\u00e9 a Gran Canaria, donde me un\u00ed a mi amiga y ahora tambi\u00e9n socia, Jonna, en gottaLoveSpain. Con mi amplia experiencia en turismo, viajes, burocracia y papeleo, lo sent\u00ed como el negocio de mis sue\u00f1os. M\u00e1s tarde, cuando surgi\u00f3 la idea de expandirme de Canarias a Baleares, hice un viaje de prueba a Mallorca. Desde el primer d\u00eda, supe que este era el lugar donde quer\u00eda establecerme definitivamente.<\/p>\n\n\n\n<h2 class=\"wp-block-heading\"><strong>\u00bfPuedes contarnos tu experiencia desde que fuiste internacional hasta que ayudaste a otros a hacer la misma transici\u00f3n?<\/strong><\/h2>\n\n\n\n<p>De hecho, mi viaje comenz\u00f3 como internacional. Nac\u00ed en el lugar equivocado del mundo y nunca me sent\u00ed a gusto en ese clima fr\u00edo y reservado, as\u00ed que decid\u00ed construir una vida donde la calidez, la conexi\u00f3n y el sol fueran parte de cada d\u00eda. A lo largo de los a\u00f1os, viaj\u00e9 extensamente, visitando 50 pa\u00edses antes de establecerme en Gran Canaria y posteriormente en Mallorca.<\/p>\n\n\n\n<p>Con una trayectoria previa en turismo y administraci\u00f3n de empresas, dominio de cinco idiomas y una pasi\u00f3n por ayudar a las personas a sentirse bienvenidas, combino mi experiencia personal con mi experiencia profesional para guiar a mis clientes en los aspectos pr\u00e1cticos y emocionales de mudarse a Espa\u00f1a. Soy una persona inconformista y de esp\u00edritu libre, a quien le encanta bailar, modelar y actuar, pero tambi\u00e9n soy una persona controladora que se deleita con el papeleo. Esta combinaci\u00f3n me permite hacer que las mudanzas sean lo m\u00e1s sencillas y con el mayor apoyo posible. Hoy, me siento honrada de ayudar a otros a hacer realidad su sue\u00f1o de vivir en Espa\u00f1a.<\/p>\n\n\n\n<h2 class=\"wp-block-heading\"><strong>\u00bfCu\u00e1les fueron algunos de los mayores desaf\u00edos que enfrent\u00f3 durante su propio proceso de instalaci\u00f3n y c\u00f3mo estas experiencias moldean la manera en que ayuda a los clientes hoy?<\/strong><\/h2>\n\n\n\n<p>Uno de los mayores desaf\u00edos que enfrent\u00e9 fue lidiar con la burocracia y el papeleo; incluso cosas tan sencillas como empadronarse oficialmente o comprender las normativas locales me resultaron abrumadoras al principio. Adem\u00e1s, encontrar un sentido de pertenencia en una nueva cultura y comunidad llev\u00f3 tiempo. Estas experiencias me ense\u00f1aron lo importante que es contar con orientaci\u00f3n, apoyo y conexiones desde el principio. Hoy, utilizo esas lecciones para ayudar a mis clientes a evitar las mismas frustraciones, brind\u00e1ndoles soluciones pr\u00e1cticas y apoyo emocional para que su transici\u00f3n a la vida en Espa\u00f1a sea m\u00e1s fluida, r\u00e1pida y agradable.<\/p>\n\n\n\n<h2 class=\"wp-block-heading\"><strong>\u00bfQu\u00e9 habilidades y experiencia espec\u00edficas aporta para ayudar a los internacionales a cumplir con los requisitos de residencia en Espa\u00f1a?<\/strong><\/h2>\n\n\n\n<p>He pasado por muchas experiencias de reubicaci\u00f3n, as\u00ed que s\u00e9 de primera mano lo confusos y abrumadores que pueden ser los requisitos de residencia. Tambi\u00e9n lo he vivido desde otra perspectiva: trabajando para una embajada extranjera y colaborando en su sector consular. Estas experiencias me brindaron una valiosa perspectiva sobre c\u00f3mo funcionan los sistemas oficiales, qu\u00e9 se espera de ellos y c\u00f3mo abordar la burocracia eficazmente. Gracias a a\u00f1os de apoyo a otros, puedo guiar a mis clientes no solo con conocimientos pr\u00e1cticos, sino tambi\u00e9n con empat\u00eda, porque yo tambi\u00e9n lo he vivido.<\/p>\n\n\n\n<h2 class=\"wp-block-heading\"><strong>\u00bfQu\u00e9 impulsa su pasi\u00f3n por ayudar a las personas a realizar este cambio de vida en Espa\u00f1a?<\/strong><\/h2>\n\n\n\n<p>Nac\u00ed en los pa\u00edses n\u00f3rdicos, pero nunca me sent\u00ed realmente en casa all\u00ed. En el fondo, siempre he tenido un esp\u00edritu sure\u00f1o, atra\u00eddo por la calidez, la apertura y la conexi\u00f3n. Por eso, ayudar a otros a mudarse a Espa\u00f1a es tan significativo para m\u00ed. S\u00e9 lo que se siente no pertenecer a donde uno est\u00e1, y me siento inspirado y honrado de ayudar a las personas a perseguir sus sue\u00f1os, encontrar su lugar y crear la vida que han anhelado.<\/p>\n\n\n\n<h2 class=\"wp-block-heading\"><strong>Desde tu experiencia, \u00bfcu\u00e1les son los conceptos err\u00f3neos m\u00e1s comunes que tienen los internacionales sobre mudarse a Espa\u00f1a?<\/strong><\/h2>\n\n\n\n<p>Una de las ideas err\u00f3neas m\u00e1s comunes es que mudarse a Espa\u00f1a es sencillo porque es un pa\u00eds tan relajado y acogedor. En realidad, la burocracia puede ser compleja y llevar mucho tiempo, especialmente si no hablas espa\u00f1ol o no est\u00e1s familiarizado con el sistema. Otra idea err\u00f3nea es que &quot;vacaciones en Espa\u00f1a&quot; y &quot;vivir en Espa\u00f1a&quot; son lo mismo: aunque el estilo de vida es maravilloso, el d\u00eda a d\u00eda tambi\u00e9n conlleva responsabilidades, papeleo y diferencias culturales a las que adaptarse.<\/p>\n\n\n\n<h2 class=\"wp-block-heading\"><strong>\u00bfC\u00f3mo su colaboraci\u00f3n con La Isla Bonita crea un sistema de apoyo m\u00e1s completo para las personas que se establecen en Mallorca?<\/strong><\/h2>\n\n\n\n<p>Nuestra colaboraci\u00f3n con La Isla Bonita nos permite aunar esfuerzos y crear un sistema de apoyo integral. Juntos, nos aseguramos de cubrir todas las necesidades: pr\u00e1cticas, emocionales y sociales. Nuestros reci\u00e9n llegados no se mudan a Mallorca, sino que vuelven a casa.<\/p>\n\n\n\n<h2 class=\"wp-block-heading\"><strong>\u00bfC\u00f3mo es la experiencia t\u00edpica de un cliente cuando trabaja con ambos servicios?<\/strong><\/h2>\n\n\n\n<p>Un proceso t\u00edpico de mudanza suele comenzar con gottaLoveSpain, que se encarga de los tr\u00e1mites burocr\u00e1ticos oficiales, y luego La Isla Bonita Social Club interviene con sus servicios de conserjer\u00eda. En cuanto a la burocracia, los ciudadanos de la UE suelen iniciar sus tr\u00e1mites burocr\u00e1ticos al llegar a Espa\u00f1a, mientras que los ciudadanos no comunitarios suelen comenzar en su pa\u00eds de origen con la solicitud de visado.<\/p>\n\n\n\n<p>Adem\u00e1s de los aspectos pr\u00e1cticos, tanto gottaLoveSpain como La Isla Bonita Social Club haremos nuestras aportaciones para ayudar a los clientes a integrarse, construir conexiones sociales y descubrir el estilo de vida de la isla.<\/p>\n\n\n\n<h2 class=\"wp-block-heading\"><strong>\u00bfPuedes compartir una historia de \u00e9xito (an\u00f3nimamente) de alguien a quien hayas ayudado a pasar de visitante internacional a residente espa\u00f1ol?<\/strong><\/h2>\n\n\n\n<p>Ten\u00eda una familia de clientes cuyo sue\u00f1o era mudarse a la soleada Espa\u00f1a desde el lluvioso Reino Unido y abrir su negocio aqu\u00ed. Hubo muchos obst\u00e1culos en el camino, y las autoridades a\u00f1adieron a\u00fan m\u00e1s al rechazar su solicitud inicial. Juntos, encontramos una manera de sortear la burocracia, presentamos un recurso y, tras otro mes de espera, \u00a1lo aprobaron! Durante este proceso, nos hicimos amigos, y ahora, siempre que tengo que quedarme en su ciudad, alquilo una habitaci\u00f3n en su bungalow y los considero mi familia adoptiva \ud83d\ude42<\/p>\n\n\n\n<h2 class=\"wp-block-heading\"><strong>\u00bfQu\u00e9 cree usted que hace que Mallorca sea especialmente atractiva para los internacionales que buscan mudarse?<\/strong><\/h2>\n\n\n\n<p>Mallorca posee un equilibrio verdaderamente \u00fanico que la hace tan atractiva para los internacionales que consideran mudarse. Por un lado, ofrece el relajado estilo de vida mediterr\u00e1neo: playas impresionantes, monta\u00f1as pintorescas, sol inagotable y ese ritmo de vida m\u00e1s tranquilo con el que tanto sue\u00f1an. Por otro lado, est\u00e1 muy bien conectada y es cosmopolita. La isla atrae a una comunidad internacional diversa, por lo que a los reci\u00e9n llegados les resulta f\u00e1cil forjar redes profesionales y amistades.<\/p>\n\n\n\n<h2 class=\"wp-block-heading\"><strong>\u00bfQu\u00e9 consejo le dar\u00edas a alguien que est\u00e1 considerando dar el paso pero se siente abrumado por el proceso?<\/strong><\/h2>\n\n\n\n<p>Mi consejo es: no intentes hacerlo todo t\u00fa mismo. Mudarse implica mucha log\u00edstica, papeleo y decisiones. Delega las tareas que no quieras encargar para que puedas concentrarte en lo emocionante de la mudanza. Y lo m\u00e1s importante, no dejes que la sobrecarga te detenga; si\u00e9ntela y hazlo de todos modos. Este es tu sue\u00f1o y vale totalmente la pena.<\/p>\n\n\n\n<h2 class=\"wp-block-heading\"><strong>De cara al futuro, \u00bfc\u00f3mo cree que evolucionar\u00e1 el panorama de la reubicaci\u00f3n internacional en Espa\u00f1a y c\u00f3mo est\u00e1 adaptando sus servicios en consecuencia?<\/strong><\/h2>\n\n\n\n<p>Con m\u00e1s personas trabajando de forma remota, priorizando un estilo de vida equilibrado y buscando experiencias culturales aut\u00e9nticas, Espa\u00f1a, y lugares como Mallorca, seguir\u00e1n atrayendo talento, familias y emprendedores de todo el mundo.<\/p>\n\n\n\n<p>Hoy en d\u00eda, la gente no solo quiere mudarse, sino que busca una transici\u00f3n fluida y un sentido de pertenencia desde el primer d\u00eda. En gottaLoveSpain, nos adaptamos constantemente: ofrecemos apoyo personalizado para la reubicaci\u00f3n, guiamos a nuestros clientes con los tr\u00e1mites burocr\u00e1ticos y los conectamos con las comunidades locales para que se sientan como en casa m\u00e1s r\u00e1pido.<\/p>\n\n\n\n<hr class=\"wp-block-separator has-alpha-channel-opacity\"\/>\n\n\n\n<p><em>Para obtener m\u00e1s informaci\u00f3n sobre los servicios de reubicaci\u00f3n a Espa\u00f1a y Mallorca, p\u00f3ngase en contacto con <a href=\"\/es\/info@laislabonitasocial.club\/\">Club Social La Isla Bonita<\/a><\/em><\/p>\n\n\n\n<p>Los miembros Gold reciben un descuento de 10% en los servicios ofrecidos por GottaloveSpain <\/p>","protected":false},"excerpt":{"rendered":"<p>An interview with relocation specialist, Diana, who partners with us to help internationals make Spain their home Moving to a new country is one of life\u2019s biggest adventures\u2014and challenges. For one Estonian entrepreneur, her own journey from the Nordics to Brazil, then to the Canary Islands, and finally to Mallorca, has become the foundation for [&hellip;]<\/p>\n","protected":false},"author":262050677,"featured_media":2658,"comment_status":"open","ping_status":"open","sticky":false,"template":"","format":"standard","meta":{"content-type":"","pmpro_default_level":"","_jetpack_newsletter_access":"","_jetpack_dont_email_post_to_subs":false,"_jetpack_newsletter_tier_id":0,"_jetpack_memberships_contains_paywalled_content":false,"_jetpack_memberships_contains_paid_content":false,"footnotes":"","jetpack_publicize_message":"","jetpack_publicize_feature_enabled":true,"jetpack_social_post_already_shared":true,"jetpack_social_options":{"image_generator_settings":{"template":"highway","default_image_id":0,"font":"","enabled":false},"version":2},"_wpas_customize_per_network":false,"jetpack_post_was_ever_published":false},"categories":[97,1457],"tags":[1492,1493,1491,1494],"class_list":["post-2659","post","type-post","status-publish","format-standard","has-post-thumbnail","hentry","category-uncategorised","category-useful-information","tag-mallorca-relocation","tag-nie-mallorca","tag-relocation-services","tag-residency-in-mallorca","pmpro-has-access"],"jetpack_publicize_connections":[],"jetpack_featured_media_url":"https:\/\/i0.wp.com\/laislabonitasocial.club\/wp-content\/uploads\/2025\/09\/img_9172-1.jpg?fit=2000%2C1500&ssl=1","jetpack_shortlink":"https:\/\/wp.me\/pglZ8M-GT","jetpack-related-posts":[{"id":3006,"url":"https:\/\/laislabonitasocial.club\/es\/legal-property-healthcare-more-your-life-in-mallorca-fully-supported-%f0%9f%8f%9d%ef%b8%8f\/","url_meta":{"origin":2659,"position":0},"title":"Servicios legales, inmobiliarios, sanitarios y mucho m\u00e1s: tu vida en Mallorca con todo el apoyo necesario \ud83c\udfdd\ufe0f","author":"Laislabonitasocialclub","date":"20th marzo 2026","format":false,"excerpt":"We\u2019re excited to share some great news with our members at La Isla Bonita Social Club (LISB) in Mallorca. The LISB website has had a refresh \u2014 and it now truly reflects everything we do for the international community living on the island. Whether you\u2019re newly arrived or have been\u2026","rel":"","context":"En \u00abGeneral\u00bb","block_context":{"text":"General","link":"https:\/\/laislabonitasocial.club\/es\/category\/general\/"},"img":{"alt_text":"","src":"https:\/\/i0.wp.com\/laislabonitasocial.club\/wp-content\/uploads\/2026\/03\/pexels-photo-4617316.jpg?fit=1200%2C800&ssl=1&resize=350%2C200","width":350,"height":200,"srcset":"https:\/\/i0.wp.com\/laislabonitasocial.club\/wp-content\/uploads\/2026\/03\/pexels-photo-4617316.jpg?fit=1200%2C800&ssl=1&resize=350%2C200 1x, https:\/\/i0.wp.com\/laislabonitasocial.club\/wp-content\/uploads\/2026\/03\/pexels-photo-4617316.jpg?fit=1200%2C800&ssl=1&resize=525%2C300 1.5x, https:\/\/i0.wp.com\/laislabonitasocial.club\/wp-content\/uploads\/2026\/03\/pexels-photo-4617316.jpg?fit=1200%2C800&ssl=1&resize=700%2C400 2x, https:\/\/i0.wp.com\/laislabonitasocial.club\/wp-content\/uploads\/2026\/03\/pexels-photo-4617316.jpg?fit=1200%2C800&ssl=1&resize=1050%2C600 3x"},"classes":[]},{"id":2454,"url":"https:\/\/laislabonitasocial.club\/es\/2454-2\/","url_meta":{"origin":2659,"position":1},"title":"Gu\u00eda completa para comprar propiedades en Mallorca: Consejos esenciales para compradores internacionales","author":"Laislabonitasocialclub","date":"21st julio 2025","format":false,"excerpt":"Your pathway to making Mallorca your permanent home Mallorca has become the Mediterranean dream destination for international property buyers seeking a perfect blend of stunning natural beauty, rich culture, and excellent quality of life. Whether you're planning to relocate permanently, establish a second home, or invest in Balearic real estate,\u2026","rel":"","context":"En \u00abUseful information\u00bb","block_context":{"text":"Useful information","link":"https:\/\/laislabonitasocial.club\/es\/category\/useful-information\/"},"img":{"alt_text":"","src":"https:\/\/i0.wp.com\/laislabonitasocial.club\/wp-content\/uploads\/2025\/07\/IMG_1342.jpeg?fit=1200%2C900&ssl=1&resize=350%2C200","width":350,"height":200,"srcset":"https:\/\/i0.wp.com\/laislabonitasocial.club\/wp-content\/uploads\/2025\/07\/IMG_1342.jpeg?fit=1200%2C900&ssl=1&resize=350%2C200 1x, https:\/\/i0.wp.com\/laislabonitasocial.club\/wp-content\/uploads\/2025\/07\/IMG_1342.jpeg?fit=1200%2C900&ssl=1&resize=525%2C300 1.5x, https:\/\/i0.wp.com\/laislabonitasocial.club\/wp-content\/uploads\/2025\/07\/IMG_1342.jpeg?fit=1200%2C900&ssl=1&resize=700%2C400 2x, https:\/\/i0.wp.com\/laislabonitasocial.club\/wp-content\/uploads\/2025\/07\/IMG_1342.jpeg?fit=1200%2C900&ssl=1&resize=1050%2C600 3x"},"classes":[]},{"id":2711,"url":"https:\/\/laislabonitasocial.club\/es\/your-legal-journey-in-mallorca\/","url_meta":{"origin":2659,"position":2},"title":"Tu experiencia fiscal en Mallorca","author":"Laislabonitasocialclub","date":"19th septiembre 2025","format":false,"excerpt":"La Isla Bonita interviews our new Partner, Alberto Samir Gonzales who offers specialised Legal & Tax services at Samir Law\u2026 Tell me about your path to becoming a lawyer specializing in Spanish immigration and tax law. What drew you to this particular area of practice? I\u2019ve always been drawn to\u2026","rel":"","context":"En \u00abGeneral\u00bb","block_context":{"text":"General","link":"https:\/\/laislabonitasocial.club\/es\/category\/general\/"},"img":{"alt_text":"","src":"https:\/\/i0.wp.com\/laislabonitasocial.club\/wp-content\/uploads\/2025\/09\/img_9366-1.jpg?fit=987%2C1200&ssl=1&resize=350%2C200","width":350,"height":200,"srcset":"https:\/\/i0.wp.com\/laislabonitasocial.club\/wp-content\/uploads\/2025\/09\/img_9366-1.jpg?fit=987%2C1200&ssl=1&resize=350%2C200 1x, https:\/\/i0.wp.com\/laislabonitasocial.club\/wp-content\/uploads\/2025\/09\/img_9366-1.jpg?fit=987%2C1200&ssl=1&resize=525%2C300 1.5x, https:\/\/i0.wp.com\/laislabonitasocial.club\/wp-content\/uploads\/2025\/09\/img_9366-1.jpg?fit=987%2C1200&ssl=1&resize=700%2C400 2x"},"classes":[]},{"id":2243,"url":"https:\/\/laislabonitasocial.club\/es\/embracing-change-my-journey-to-mallorca\/","url_meta":{"origin":2659,"position":3},"title":"Abrazando el cambio: Mi viaje a Mallorca","author":"Laislabonitasocialclub","date":"4th julio 2025","format":false,"excerpt":"Moving to a new country is almost always faced with its real set of challenges, especially when considering the well-known Spanish bureaucracy and the recent news about protests against tourism. Twenty years ago was the first time I decided to move abroad, spontaneously one afternoon without a thought for the\u2026","rel":"","context":"En \u00abGeneral\u00bb","block_context":{"text":"General","link":"https:\/\/laislabonitasocial.club\/es\/category\/general\/"},"img":{"alt_text":"","src":"https:\/\/i0.wp.com\/laislabonitasocial.club\/wp-content\/uploads\/2025\/06\/ece6f2d7-d576-457d-b22f-720bc2bd1ae2.jpeg?fit=900%2C1200&ssl=1&resize=350%2C200","width":350,"height":200,"srcset":"https:\/\/i0.wp.com\/laislabonitasocial.club\/wp-content\/uploads\/2025\/06\/ece6f2d7-d576-457d-b22f-720bc2bd1ae2.jpeg?fit=900%2C1200&ssl=1&resize=350%2C200 1x, https:\/\/i0.wp.com\/laislabonitasocial.club\/wp-content\/uploads\/2025\/06\/ece6f2d7-d576-457d-b22f-720bc2bd1ae2.jpeg?fit=900%2C1200&ssl=1&resize=525%2C300 1.5x, https:\/\/i0.wp.com\/laislabonitasocial.club\/wp-content\/uploads\/2025\/06\/ece6f2d7-d576-457d-b22f-720bc2bd1ae2.jpeg?fit=900%2C1200&ssl=1&resize=700%2C400 2x"},"classes":[]},{"id":2159,"url":"https:\/\/laislabonitasocial.club\/es\/your-2025-mallorca-holiday-survival-guide-from-fiesta-to-siesta\/","url_meta":{"origin":2659,"position":4},"title":"Gu\u00eda de supervivencia para tus vacaciones en Mallorca en 2025: de la fiesta a la siesta","author":"Laislabonitasocialclub","date":"24th junio 2025","format":false,"excerpt":"Welcome to your essential guide for navigating Mallorca\u2019s 2025 holiday calendar! Whether you\u2019re a fresh expat still figuring out why everything closes on random Tuesdays, or a seasoned international resident who\u2019s mastered the art of the Spanish siesta, this guide will help you make the most of island life.Your 2025\u2026","rel":"","context":"En \u00abUseful information\u00bb","block_context":{"text":"Useful information","link":"https:\/\/laislabonitasocial.club\/es\/category\/useful-information\/"},"img":{"alt_text":"Mallorca holiday dates","src":"https:\/\/i0.wp.com\/laislabonitasocial.club\/wp-content\/uploads\/2025\/06\/IMG_0266.png?fit=1200%2C900&ssl=1&resize=350%2C200","width":350,"height":200,"srcset":"https:\/\/i0.wp.com\/laislabonitasocial.club\/wp-content\/uploads\/2025\/06\/IMG_0266.png?fit=1200%2C900&ssl=1&resize=350%2C200 1x, https:\/\/i0.wp.com\/laislabonitasocial.club\/wp-content\/uploads\/2025\/06\/IMG_0266.png?fit=1200%2C900&ssl=1&resize=525%2C300 1.5x, https:\/\/i0.wp.com\/laislabonitasocial.club\/wp-content\/uploads\/2025\/06\/IMG_0266.png?fit=1200%2C900&ssl=1&resize=700%2C400 2x, https:\/\/i0.wp.com\/laislabonitasocial.club\/wp-content\/uploads\/2025\/06\/IMG_0266.png?fit=1200%2C900&ssl=1&resize=1050%2C600 3x"},"classes":[]},{"id":2274,"url":"https:\/\/laislabonitasocial.club\/es\/mallorca-festivals-july-2025-sant-jaume-traditional-celebrations\/","url_meta":{"origin":2659,"position":5},"title":"Fiestas de Mallorca julio 2025: Sant Jaume y celebraciones tradicionales","author":"Laislabonitasocialclub","date":"9th julio 2025","format":false,"excerpt":"Festes de Sant Jaume: Mallorca's Premier July Festival Experience the authentic spirit of Mallorca through its most vibrant summer celebrations The Heart of Mallorcan Summer: Festes de Sant Jaume As July reaches its peak in Mallorca, the island comes alive with one of its most cherished traditional celebrations: the Festes\u2026","rel":"","context":"En \u00abUseful information\u00bb","block_context":{"text":"Useful information","link":"https:\/\/laislabonitasocial.club\/es\/category\/useful-information\/"},"img":{"alt_text":"Sant Jaume festival Mallorca 2025","src":"https:\/\/i0.wp.com\/laislabonitasocial.club\/wp-content\/uploads\/2025\/07\/correfocs-3839072_1920.jpg?fit=1200%2C800&ssl=1&resize=350%2C200","width":350,"height":200,"srcset":"https:\/\/i0.wp.com\/laislabonitasocial.club\/wp-content\/uploads\/2025\/07\/correfocs-3839072_1920.jpg?fit=1200%2C800&ssl=1&resize=350%2C200 1x, https:\/\/i0.wp.com\/laislabonitasocial.club\/wp-content\/uploads\/2025\/07\/correfocs-3839072_1920.jpg?fit=1200%2C800&ssl=1&resize=525%2C300 1.5x, https:\/\/i0.wp.com\/laislabonitasocial.club\/wp-content\/uploads\/2025\/07\/correfocs-3839072_1920.jpg?fit=1200%2C800&ssl=1&resize=700%2C400 2x, https:\/\/i0.wp.com\/laislabonitasocial.club\/wp-content\/uploads\/2025\/07\/correfocs-3839072_1920.jpg?fit=1200%2C800&ssl=1&resize=1050%2C600 3x"},"classes":[]}],"jetpack_sharing_enabled":true,"jetpack_likes_enabled":true,"_links":{"self":[{"href":"https:\/\/laislabonitasocial.club\/es\/wp-json\/wp\/v2\/posts\/2659","targetHints":{"allow":["GET"]}}],"collection":[{"href":"https:\/\/laislabonitasocial.club\/es\/wp-json\/wp\/v2\/posts"}],"about":[{"href":"https:\/\/laislabonitasocial.club\/es\/wp-json\/wp\/v2\/types\/post"}],"author":[{"embeddable":true,"href":"https:\/\/laislabonitasocial.club\/es\/wp-json\/wp\/v2\/users\/262050677"}],"replies":[{"embeddable":true,"href":"https:\/\/laislabonitasocial.club\/es\/wp-json\/wp\/v2\/comments?post=2659"}],"version-history":[{"count":2,"href":"https:\/\/laislabonitasocial.club\/es\/wp-json\/wp\/v2\/posts\/2659\/revisions"}],"predecessor-version":[{"id":2661,"href":"https:\/\/laislabonitasocial.club\/es\/wp-json\/wp\/v2\/posts\/2659\/revisions\/2661"}],"wp:featuredmedia":[{"embeddable":true,"href":"https:\/\/laislabonitasocial.club\/es\/wp-json\/wp\/v2\/media\/2658"}],"wp:attachment":[{"href":"https:\/\/laislabonitasocial.club\/es\/wp-json\/wp\/v2\/media?parent=2659"}],"wp:term":[{"taxonomy":"category","embeddable":true,"href":"https:\/\/laislabonitasocial.club\/es\/wp-json\/wp\/v2\/categories?post=2659"},{"taxonomy":"post_tag","embeddable":true,"href":"https:\/\/laislabonitasocial.club\/es\/wp-json\/wp\/v2\/tags?post=2659"}],"curies":[{"name":"gracias","href":"https:\/\/api.w.org\/{rel}","templated":true}]}}