{"id":2711,"date":"2025-09-19T08:33:44","date_gmt":"2025-09-19T06:33:44","guid":{"rendered":"https:\/\/laislabonitasocial.club\/your-legal-journey-in-mallorca\/"},"modified":"2026-03-18T14:26:14","modified_gmt":"2026-03-18T13:26:14","slug":"your-legal-journey-in-mallorca","status":"publish","type":"post","link":"https:\/\/laislabonitasocial.club\/es\/your-legal-journey-in-mallorca\/","title":{"rendered":"Tu experiencia fiscal en Mallorca"},"content":{"rendered":"<p class=\"MsoNormal\"><strong>La Isla Bonita entrevista a nuestro nuevo Socio, Alberto Samir Gonzales quien ofrece servicios Legales y Tributarios especializados en Samir Law\u2026<\/strong><\/p>\n\n\n\n<figure class=\"wp-block-image size-large\"><img data-recalc-dims=\"1\" fetchpriority=\"high\" decoding=\"async\" width=\"800\" height=\"972\" data-attachment-id=\"2709\" data-permalink=\"https:\/\/laislabonitasocial.club\/es\/img_9366\/\" data-orig-file=\"https:\/\/i0.wp.com\/laislabonitasocial.club\/wp-content\/uploads\/2025\/09\/img_9366.jpg?fit=1050%2C1276&amp;ssl=1\" data-orig-size=\"1050,1276\" data-comments-opened=\"1\" data-image-meta=\"{&quot;aperture&quot;:&quot;0&quot;,&quot;credit&quot;:&quot;&quot;,&quot;camera&quot;:&quot;&quot;,&quot;caption&quot;:&quot;&quot;,&quot;created_timestamp&quot;:&quot;0&quot;,&quot;copyright&quot;:&quot;&quot;,&quot;focal_length&quot;:&quot;0&quot;,&quot;iso&quot;:&quot;0&quot;,&quot;shutter_speed&quot;:&quot;0&quot;,&quot;title&quot;:&quot;&quot;,&quot;orientation&quot;:&quot;1&quot;}\" data-image-title=\"img_9366\" data-image-description=\"\" data-image-caption=\"\" data-large-file=\"https:\/\/i0.wp.com\/laislabonitasocial.club\/wp-content\/uploads\/2025\/09\/img_9366.jpg?fit=800%2C972&amp;ssl=1\" src=\"https:\/\/i0.wp.com\/laislabonitasocial.club\/wp-content\/uploads\/2025\/09\/img_9366.jpg?resize=800%2C972&#038;ssl=1\" alt=\"\" class=\"wp-image-2709\" srcset=\"https:\/\/i0.wp.com\/laislabonitasocial.club\/wp-content\/uploads\/2025\/09\/img_9366.jpg?resize=843%2C1024&amp;ssl=1 843w, https:\/\/i0.wp.com\/laislabonitasocial.club\/wp-content\/uploads\/2025\/09\/img_9366.jpg?resize=247%2C300&amp;ssl=1 247w, https:\/\/i0.wp.com\/laislabonitasocial.club\/wp-content\/uploads\/2025\/09\/img_9366.jpg?resize=768%2C933&amp;ssl=1 768w, https:\/\/i0.wp.com\/laislabonitasocial.club\/wp-content\/uploads\/2025\/09\/img_9366.jpg?resize=10%2C12&amp;ssl=1 10w, https:\/\/i0.wp.com\/laislabonitasocial.club\/wp-content\/uploads\/2025\/09\/img_9366.jpg?resize=600%2C729&amp;ssl=1 600w, https:\/\/i0.wp.com\/laislabonitasocial.club\/wp-content\/uploads\/2025\/09\/img_9366.jpg?w=1050&amp;ssl=1 1050w\" sizes=\"(max-width: 800px) 100vw, 800px\" \/><\/figure>\n\n\n\n<p class=\"MsoNormal\"><strong>Cu\u00e9ntame tu trayectoria hasta convertirte en abogado especializado en derecho migratorio y fiscal espa\u00f1ol. \u00bfQu\u00e9 te atrajo a esta \u00e1rea de pr\u00e1ctica?<\/strong><\/p>\n\n\n\n<p class=\"MsoNormal\">Siempre me ha atra\u00eddo el derecho internacional y la resoluci\u00f3n pr\u00e1ctica de problemas, y la inmigraci\u00f3n y la fiscalidad son dos \u00e1reas donde el lado humano del derecho cobra vida. Tras completar un M\u00e1ster en Derecho Tributario y Pr\u00e1ctica Jur\u00eddica en Espa\u00f1a, comenc\u00e9 a trabajar con clientes internacionales que se enfrentaban a retos reales, a menudo urgentes, al gestionar la burocracia espa\u00f1ola, las obligaciones fiscales transfronterizas y los sistemas de residencia. Desde el principio, tuve claro que no se trataba solo de cuestiones t\u00e9cnicas, sino de cuestiones profundamente personales, vinculadas a importantes cambios en la vida. Eso fue lo que me atrajo y lo que me sigue motivando.<\/p>\n\n\n\n<p class=\"MsoNormal\"><strong>\u00bfCu\u00e1l es tu conexi\u00f3n personal con Espa\u00f1a? \u00bfPasaste por alguno de estos procesos legales como extranjero?<\/strong><br \/><\/p>\n\n\n\n<p class=\"MsoNormal\">Nac\u00ed y crec\u00ed aqu\u00ed en&nbsp;<strong>Mallorca<\/strong>Pero siempre he tenido una perspectiva internacional. Mi madre es inmigrante, y al crecer, vi lo dif\u00edcil que pod\u00eda ser desenvolverse en la burocracia espa\u00f1ola sin el apoyo adecuado, especialmente cuando el idioma y los sistemas no eran intuitivos. Esa experiencia me marc\u00f3. Es parte de la raz\u00f3n por la que hago lo que hago: ayudar a otros a acceder a la claridad y la tranquilidad que mi propia familia no siempre tuvo.<br \/><\/p>\n\n\n\n<p class=\"MsoNormal\">Ser locales tambi\u00e9n nos da algunas ventajas: entendemos c\u00f3mo funcionan realmente las cosas en Mallorca, tanto oficialmente como extraoficialmente, y aportamos ese conocimiento a cada caso.<\/p>\n\n\n\n<p class=\"MsoNormal\"><strong>\u00bfC\u00f3mo ha evolucionado su pr\u00e1ctica desde que empez\u00f3? \u00bfQu\u00e9 cambios ha observado en las necesidades de los clientes internacionales que llegan a Espa\u00f1a?<\/strong><\/p>\n\n\n\n<p class=\"MsoNormal\"><br \/>En los \u00faltimos a\u00f1os, se ha producido un cambio importante en el perfil de los clientes internacionales: n\u00f3madas digitales, ejecutivos remotos, emprendedores y jubilados eligen cada vez m\u00e1s Espa\u00f1a, y especialmente&nbsp;<strong>Mallorca<\/strong>, como base. Esto conlleva una mayor complejidad: visas, ingresos transfronterizos, impuesto al patrimonio, planificaci\u00f3n patrimonial.<\/p>\n\n\n\n<p class=\"MsoNormal\"><br \/>Hemos evolucionado para afrontar esa complejidad de frente, ofreciendo no solo respuestas legales, sino tambi\u00e9n asesoramiento completo, a menudo colaborando con asesores en los pa\u00edses de origen de los clientes. Nuestro enfoque es a largo plazo: no solo conseguir que alguien llegue a Espa\u00f1a, sino ayudarle a establecerse y prosperar.<\/p>\n\n\n\n<p class=\"MsoNormal\">&nbsp;<\/p>\n\n\n\n<p class=\"MsoNormal\"><strong>Entendiendo a sus clientes<\/strong><\/p>\n\n\n\n<p class=\"MsoNormal\"><\/p>\n\n\n\n<p><strong>Expl\u00edcame qui\u00e9nes son tus clientes habituales. \u00bfQu\u00e9 los atrae a Espa\u00f1a y a tu oficina?<\/strong><\/p>\n\n\n\n<p class=\"MsoNormal\"><br \/>La mayor\u00eda de nuestros clientes son profesionales internacionales, teletrabajadores, inversores o familias que buscan una mejor calidad de vida. Suelen proceder del Reino Unido, Estados Unidos, Alemania o el norte de Europa. Muchos desean vivir en Espa\u00f1a a tiempo completo o parcial, mientras que otros compran propiedades, emprenden negocios o se jubilan aqu\u00ed. Sus motivaciones var\u00edan, pero todos tienen en com\u00fan la necesidad de contar con alguien que les gu\u00ede por el complejo proceso legal de establecerse en Espa\u00f1a de forma segura y eficiente.<\/p>\n\n\n\n<p class=\"MsoNormal\"><\/p>\n\n\n\n<p><strong>\u00bfCu\u00e1l es la idea err\u00f3nea m\u00e1s com\u00fan sobre mudarse legalmente a Espa\u00f1a? \u00bfQu\u00e9 les sorprende m\u00e1s del proceso?<\/strong><\/p>\n\n\n\n<p class=\"MsoNormal\"><br \/>Un gran error es creer que los sistemas legales o tributarios aqu\u00ed son &quot;imposibles&quot; de comprender; en realidad, son simplemente desconocidos y altamente burocr\u00e1ticos. Otra sorpresa es la cantidad de planificaci\u00f3n necesaria.&nbsp;<em>antes<\/em>&nbsp;usted se muda, especialmente si desea aprovechar al m\u00e1ximo reg\u00edmenes fiscales como la Ley Beckham o evitar errores comunes como obligaciones fiscales inesperadas.<\/p>\n\n\n\n<p class=\"MsoNormal\"><\/p>\n\n\n\n<p><strong>\u00bfPuedes compartir una historia de \u00e9xito que se destaque particularmente?<\/strong><\/p>\n\n\n\n<p class=\"MsoNormal\">Recientemente ayudamos a una familia brit\u00e1nica a mudarse a&nbsp;<strong>Mallorca<\/strong>&nbsp;bajo la Visa N\u00f3mada Digital, a la vez que optimizaban su situaci\u00f3n fiscal bajo la Ley Beckham. El cliente era un ejecutivo tecnol\u00f3gico con ingresos globales y una familia joven, por lo que hab\u00eda muchos factores en juego: contratos laborales, asuntos de seguridad social, matriculaci\u00f3n escolar, declaraciones de bienes\u2026<\/p>\n\n\n\n<p>Gracias a la coordinaci\u00f3n con sus asesores en el Reino Unido y a una estrategia proactiva, obtuvimos el visado, activamos el r\u00e9gimen Beckham y les proporcionamos una hoja de ruta fiscal clara para sus primeros seis a\u00f1os en Espa\u00f1a. Ahora est\u00e1n felizmente instalados aqu\u00ed y seguimos asesor\u00e1ndolos cada a\u00f1o. Ese es nuestro objetivo: una relaci\u00f3n a largo plazo.<\/p>\n\n\n\n<p class=\"MsoNormal\">&nbsp;<\/p>\n\n\n\n<p class=\"MsoNormal\"><strong>Su experiencia y enfoque<\/strong><\/p>\n\n\n\n<p class=\"MsoNormal\"><\/p>\n\n\n\n<p><strong>De todos los servicios que ofreces, \u00bfcu\u00e1l es el \u00e1rea que m\u00e1s te apasiona y por qu\u00e9?<\/strong><\/p>\n\n\n\n<p class=\"MsoNormal\">Me apasiona especialmente la residencia fiscal y la estructuraci\u00f3n patrimonial, especialmente al asesorar a clientes con activos o ingresos internacionales. Hay mucho margen para optimizar su posici\u00f3n al comprender las implicaciones tanto espa\u00f1olas como internacionales, y disfruto planificando estas decisiones junto con nuestros clientes.<\/p>\n\n\n\n<p class=\"MsoNormal\"><\/p>\n\n\n\n<p><strong>\u00bfC\u00f3mo explicar los complejos requisitos fiscales y legales espa\u00f1oles a unos clientes que pueden sentirse abrumados?<\/strong><\/p>\n\n\n\n<p class=\"MsoNormal\"><br \/>Nuestro enfoque es claro, personal y estructurado. Suelo utilizar cronogramas visuales u hojas de c\u00e1lculo personalizadas para desglosar el proceso. Tambi\u00e9n proporcionamos a los clientes res\u00famenes de sus principales obligaciones y plazos. Pero lo m\u00e1s importante es que...&nbsp;<strong>Mant\u00e9ngase accesible<\/strong>Los clientes saben que pueden comunicarse con nosotros en cualquier momento si tienen preguntas y que recibir\u00e1n una respuesta directa y honesta.<\/p>\n\n\n\n<p class=\"MsoNormal\">&nbsp;<\/p>\n\n\n\n<p class=\"MsoNormal\"><strong>Pensando en el futuro<\/strong><\/p>\n\n\n\n<p class=\"MsoNormal\"><\/p>\n\n\n\n<p><strong>\u00bfQu\u00e9 consejo le dar\u00eda a alguien que est\u00e9 pensando en mudarse a Espa\u00f1a y se sienta intimidado por las implicaciones legales y fiscales?<\/strong><\/p>\n\n\n\n<p class=\"MsoNormal\">Busque asesoramiento profesional con antelaci\u00f3n. Los foros para expatriados o los grupos en redes sociales pueden ser de gran ayuda, pero no se base exclusivamente en ellos, ya que la informaci\u00f3n podr\u00eda no ser totalmente aplicable a su caso (e incluso disuadirle de venir a Espa\u00f1a). Y no espere a firmar un contrato de arrendamiento o dejar su trabajo para empezar a pensar en la residencia fiscal.<\/p>\n\n\n\n<p class=\"MsoNormal\"><br \/>Es mucho m\u00e1s f\u00e1cil tomar buenas decisiones cuando planificas con anticipaci\u00f3n y te ahorrar\u00e1s mucho estr\u00e9s y cargas financieras en el proceso.<\/p>\n\n\n\n<p class=\"MsoNormal\"><\/p>\n\n\n\n<p><strong>\u00bfC\u00f3mo cree que cambiar\u00e1 el panorama de la reubicaci\u00f3n internacional en Espa\u00f1a?<\/strong><\/p>\n\n\n\n<p class=\"MsoNormal\">Espa\u00f1a se est\u00e1 volviendo m\u00e1s atractiva para profesionales cualificados y familias m\u00f3viles, especialmente con la entrada en vigor de la Visa N\u00f3mada Digital y la Ley Beckham. Pero a medida que llega m\u00e1s gente,&nbsp;<strong>El cumplimiento se est\u00e1 volviendo m\u00e1s estricto<\/strong>Las agencias tributarias est\u00e1n prestando m\u00e1s atenci\u00f3n. Por eso, nuestra firma se centra m\u00e1s en la planificaci\u00f3n proactiva, especialmente para clientes con...&nbsp;<strong>ingreso global<\/strong>&nbsp;o&nbsp;<strong>due\u00f1os de negocios<\/strong>&nbsp;que se enfrentan a algunas de las situaciones m\u00e1s complejas.<\/p>\n\n\n\n<p class=\"MsoNormal\"><br \/>Aqu\u00ed en&nbsp;<strong>Mallorca<\/strong>Estamos viendo una creciente demanda de&nbsp;<strong>experiencia transfronteriza<\/strong>Y estoy entusiasmado por construir una pr\u00e1ctica que satisfaga esa necesidad de frente.<\/p>","protected":false},"excerpt":{"rendered":"<p>La Isla Bonita interviews our new Partner, Alberto Samir Gonzales who offers specialised Legal &amp; Tax services at Samir Law\u2026 Tell me about your path to becoming a lawyer specializing in Spanish immigration and tax law. What drew you to this particular area of practice? I\u2019ve always been drawn to international law and practical problem-solving [&hellip;]<\/p>\n","protected":false},"author":262050677,"featured_media":2710,"comment_status":"open","ping_status":"open","sticky":false,"template":"","format":"standard","meta":{"content-type":"","pmpro_default_level":"","_jetpack_newsletter_access":"","_jetpack_dont_email_post_to_subs":false,"_jetpack_newsletter_tier_id":0,"_jetpack_memberships_contains_paywalled_content":false,"_jetpack_memberships_contains_paid_content":false,"footnotes":"","jetpack_publicize_message":"","jetpack_publicize_feature_enabled":true,"jetpack_social_post_already_shared":true,"jetpack_social_options":{"image_generator_settings":{"template":"highway","default_image_id":0,"font":"","enabled":false},"version":2},"_wpas_customize_per_network":false,"jetpack_post_was_ever_published":false},"categories":[1453,97,1457],"tags":[1495,1496],"class_list":["post-2711","post","type-post","status-publish","format-standard","has-post-thumbnail","hentry","category-general","category-uncategorised","category-useful-information","tag-legal-services-in-mallorca","tag-tax-services-in-mallorca","pmpro-has-access"],"jetpack_publicize_connections":[],"jetpack_featured_media_url":"https:\/\/i0.wp.com\/laislabonitasocial.club\/wp-content\/uploads\/2025\/09\/img_9366-1.jpg?fit=1050%2C1276&ssl=1","jetpack_shortlink":"https:\/\/wp.me\/pglZ8M-HJ","jetpack-related-posts":[{"id":3006,"url":"https:\/\/laislabonitasocial.club\/es\/legal-property-healthcare-more-your-life-in-mallorca-fully-supported-%f0%9f%8f%9d%ef%b8%8f\/","url_meta":{"origin":2711,"position":0},"title":"Servicios legales, inmobiliarios, sanitarios y mucho m\u00e1s: tu vida en Mallorca con todo el apoyo necesario \ud83c\udfdd\ufe0f","author":"Laislabonitasocialclub","date":"20th marzo 2026","format":false,"excerpt":"We\u2019re excited to share some great news with our members at La Isla Bonita Social Club (LISB) in Mallorca. The LISB website has had a refresh \u2014 and it now truly reflects everything we do for the international community living on the island. Whether you\u2019re newly arrived or have been\u2026","rel":"","context":"En \u00abGeneral\u00bb","block_context":{"text":"General","link":"https:\/\/laislabonitasocial.club\/es\/category\/general\/"},"img":{"alt_text":"","src":"https:\/\/i0.wp.com\/laislabonitasocial.club\/wp-content\/uploads\/2026\/03\/pexels-photo-4617316.jpg?fit=1200%2C800&ssl=1&resize=350%2C200","width":350,"height":200,"srcset":"https:\/\/i0.wp.com\/laislabonitasocial.club\/wp-content\/uploads\/2026\/03\/pexels-photo-4617316.jpg?fit=1200%2C800&ssl=1&resize=350%2C200 1x, https:\/\/i0.wp.com\/laislabonitasocial.club\/wp-content\/uploads\/2026\/03\/pexels-photo-4617316.jpg?fit=1200%2C800&ssl=1&resize=525%2C300 1.5x, https:\/\/i0.wp.com\/laislabonitasocial.club\/wp-content\/uploads\/2026\/03\/pexels-photo-4617316.jpg?fit=1200%2C800&ssl=1&resize=700%2C400 2x, https:\/\/i0.wp.com\/laislabonitasocial.club\/wp-content\/uploads\/2026\/03\/pexels-photo-4617316.jpg?fit=1200%2C800&ssl=1&resize=1050%2C600 3x"},"classes":[]},{"id":2924,"url":"https:\/\/laislabonitasocial.club\/es\/legalservices\/","url_meta":{"origin":2711,"position":1},"title":"Luis tiene ese toque local cuando ayuda a los internacionales con asuntos legales.","author":"Laislabonitasocialclub","date":"4th febrero 2026","format":false,"excerpt":"Luis Moy\u00e0 - Property and Criminal Lawyer Need legal support? - contact us Growing Up in Mallorca What was it like growing up in Mallorca? How has the island changed over the years, and what do you think has stayed the same? It was very nice to grow up on\u2026","rel":"","context":"En \u00abUncategorised\u00bb","block_context":{"text":"Uncategorised","link":"https:\/\/laislabonitasocial.club\/es\/category\/uncategorised\/"},"img":{"alt_text":"","src":"https:\/\/i0.wp.com\/laislabonitasocial.club\/wp-content\/uploads\/2026\/02\/img_0733-1.jpg?fit=1200%2C825&ssl=1&resize=350%2C200","width":350,"height":200,"srcset":"https:\/\/i0.wp.com\/laislabonitasocial.club\/wp-content\/uploads\/2026\/02\/img_0733-1.jpg?fit=1200%2C825&ssl=1&resize=350%2C200 1x, https:\/\/i0.wp.com\/laislabonitasocial.club\/wp-content\/uploads\/2026\/02\/img_0733-1.jpg?fit=1200%2C825&ssl=1&resize=525%2C300 1.5x, https:\/\/i0.wp.com\/laislabonitasocial.club\/wp-content\/uploads\/2026\/02\/img_0733-1.jpg?fit=1200%2C825&ssl=1&resize=700%2C400 2x, https:\/\/i0.wp.com\/laislabonitasocial.club\/wp-content\/uploads\/2026\/02\/img_0733-1.jpg?fit=1200%2C825&ssl=1&resize=1050%2C600 3x"},"classes":[]},{"id":2454,"url":"https:\/\/laislabonitasocial.club\/es\/2454-2\/","url_meta":{"origin":2711,"position":2},"title":"Gu\u00eda completa para comprar propiedades en Mallorca: Consejos esenciales para compradores internacionales","author":"Laislabonitasocialclub","date":"21st julio 2025","format":false,"excerpt":"Your pathway to making Mallorca your permanent home Mallorca has become the Mediterranean dream destination for international property buyers seeking a perfect blend of stunning natural beauty, rich culture, and excellent quality of life. Whether you're planning to relocate permanently, establish a second home, or invest in Balearic real estate,\u2026","rel":"","context":"En \u00abUseful information\u00bb","block_context":{"text":"Useful information","link":"https:\/\/laislabonitasocial.club\/es\/category\/useful-information\/"},"img":{"alt_text":"","src":"https:\/\/i0.wp.com\/laislabonitasocial.club\/wp-content\/uploads\/2025\/07\/IMG_1342.jpeg?fit=1200%2C900&ssl=1&resize=350%2C200","width":350,"height":200,"srcset":"https:\/\/i0.wp.com\/laislabonitasocial.club\/wp-content\/uploads\/2025\/07\/IMG_1342.jpeg?fit=1200%2C900&ssl=1&resize=350%2C200 1x, https:\/\/i0.wp.com\/laislabonitasocial.club\/wp-content\/uploads\/2025\/07\/IMG_1342.jpeg?fit=1200%2C900&ssl=1&resize=525%2C300 1.5x, https:\/\/i0.wp.com\/laislabonitasocial.club\/wp-content\/uploads\/2025\/07\/IMG_1342.jpeg?fit=1200%2C900&ssl=1&resize=700%2C400 2x, https:\/\/i0.wp.com\/laislabonitasocial.club\/wp-content\/uploads\/2025\/07\/IMG_1342.jpeg?fit=1200%2C900&ssl=1&resize=1050%2C600 3x"},"classes":[]},{"id":2274,"url":"https:\/\/laislabonitasocial.club\/es\/mallorca-festivals-july-2025-sant-jaume-traditional-celebrations\/","url_meta":{"origin":2711,"position":3},"title":"Fiestas de Mallorca julio 2025: Sant Jaume y celebraciones tradicionales","author":"Laislabonitasocialclub","date":"9th julio 2025","format":false,"excerpt":"Festes de Sant Jaume: Mallorca's Premier July Festival Experience the authentic spirit of Mallorca through its most vibrant summer celebrations The Heart of Mallorcan Summer: Festes de Sant Jaume As July reaches its peak in Mallorca, the island comes alive with one of its most cherished traditional celebrations: the Festes\u2026","rel":"","context":"En \u00abUseful information\u00bb","block_context":{"text":"Useful information","link":"https:\/\/laislabonitasocial.club\/es\/category\/useful-information\/"},"img":{"alt_text":"Sant Jaume festival Mallorca 2025","src":"https:\/\/i0.wp.com\/laislabonitasocial.club\/wp-content\/uploads\/2025\/07\/correfocs-3839072_1920.jpg?fit=1200%2C800&ssl=1&resize=350%2C200","width":350,"height":200,"srcset":"https:\/\/i0.wp.com\/laislabonitasocial.club\/wp-content\/uploads\/2025\/07\/correfocs-3839072_1920.jpg?fit=1200%2C800&ssl=1&resize=350%2C200 1x, https:\/\/i0.wp.com\/laislabonitasocial.club\/wp-content\/uploads\/2025\/07\/correfocs-3839072_1920.jpg?fit=1200%2C800&ssl=1&resize=525%2C300 1.5x, https:\/\/i0.wp.com\/laislabonitasocial.club\/wp-content\/uploads\/2025\/07\/correfocs-3839072_1920.jpg?fit=1200%2C800&ssl=1&resize=700%2C400 2x, https:\/\/i0.wp.com\/laislabonitasocial.club\/wp-content\/uploads\/2025\/07\/correfocs-3839072_1920.jpg?fit=1200%2C800&ssl=1&resize=1050%2C600 3x"},"classes":[]},{"id":2125,"url":"https:\/\/laislabonitasocial.club\/es\/sant-joan-2025-mallorcas-night-of-fire\/","url_meta":{"origin":2711,"position":4},"title":"San Juan 2025: La Noche del Fuego de Mallorca","author":"Laislabonitasocialclub","date":"19th junio 2025","format":false,"excerpt":"A Complete Guide for International Visitors The Magic of San Juan in Mallorca San Juan, or the Feast of Saint John the Baptist, transforms Mallorca into an island of fire, music, and ancient traditio \u2018ns every June 23rd. This midsummer celebration, deeply rooted in pagan and Christian customs, marks one\u2026","rel":"","context":"En \u00abGeneral\u00bb","block_context":{"text":"General","link":"https:\/\/laislabonitasocial.club\/es\/category\/general\/"},"img":{"alt_text":"","src":"https:\/\/i0.wp.com\/laislabonitasocial.club\/wp-content\/uploads\/2025\/06\/pexels-jefriwibawa-1387037.jpg?fit=1200%2C798&ssl=1&resize=350%2C200","width":350,"height":200,"srcset":"https:\/\/i0.wp.com\/laislabonitasocial.club\/wp-content\/uploads\/2025\/06\/pexels-jefriwibawa-1387037.jpg?fit=1200%2C798&ssl=1&resize=350%2C200 1x, https:\/\/i0.wp.com\/laislabonitasocial.club\/wp-content\/uploads\/2025\/06\/pexels-jefriwibawa-1387037.jpg?fit=1200%2C798&ssl=1&resize=525%2C300 1.5x, https:\/\/i0.wp.com\/laislabonitasocial.club\/wp-content\/uploads\/2025\/06\/pexels-jefriwibawa-1387037.jpg?fit=1200%2C798&ssl=1&resize=700%2C400 2x, https:\/\/i0.wp.com\/laislabonitasocial.club\/wp-content\/uploads\/2025\/06\/pexels-jefriwibawa-1387037.jpg?fit=1200%2C798&ssl=1&resize=1050%2C600 3x"},"classes":[]},{"id":2159,"url":"https:\/\/laislabonitasocial.club\/es\/your-2025-mallorca-holiday-survival-guide-from-fiesta-to-siesta\/","url_meta":{"origin":2711,"position":5},"title":"Gu\u00eda de supervivencia para tus vacaciones en Mallorca en 2025: de la fiesta a la siesta","author":"Laislabonitasocialclub","date":"24th junio 2025","format":false,"excerpt":"Welcome to your essential guide for navigating Mallorca\u2019s 2025 holiday calendar! Whether you\u2019re a fresh expat still figuring out why everything closes on random Tuesdays, or a seasoned international resident who\u2019s mastered the art of the Spanish siesta, this guide will help you make the most of island life.Your 2025\u2026","rel":"","context":"En \u00abUseful information\u00bb","block_context":{"text":"Useful information","link":"https:\/\/laislabonitasocial.club\/es\/category\/useful-information\/"},"img":{"alt_text":"Mallorca holiday dates","src":"https:\/\/i0.wp.com\/laislabonitasocial.club\/wp-content\/uploads\/2025\/06\/IMG_0266.png?fit=1200%2C900&ssl=1&resize=350%2C200","width":350,"height":200,"srcset":"https:\/\/i0.wp.com\/laislabonitasocial.club\/wp-content\/uploads\/2025\/06\/IMG_0266.png?fit=1200%2C900&ssl=1&resize=350%2C200 1x, https:\/\/i0.wp.com\/laislabonitasocial.club\/wp-content\/uploads\/2025\/06\/IMG_0266.png?fit=1200%2C900&ssl=1&resize=525%2C300 1.5x, https:\/\/i0.wp.com\/laislabonitasocial.club\/wp-content\/uploads\/2025\/06\/IMG_0266.png?fit=1200%2C900&ssl=1&resize=700%2C400 2x, https:\/\/i0.wp.com\/laislabonitasocial.club\/wp-content\/uploads\/2025\/06\/IMG_0266.png?fit=1200%2C900&ssl=1&resize=1050%2C600 3x"},"classes":[]}],"jetpack_sharing_enabled":true,"jetpack_likes_enabled":true,"_links":{"self":[{"href":"https:\/\/laislabonitasocial.club\/es\/wp-json\/wp\/v2\/posts\/2711","targetHints":{"allow":["GET"]}}],"collection":[{"href":"https:\/\/laislabonitasocial.club\/es\/wp-json\/wp\/v2\/posts"}],"about":[{"href":"https:\/\/laislabonitasocial.club\/es\/wp-json\/wp\/v2\/types\/post"}],"author":[{"embeddable":true,"href":"https:\/\/laislabonitasocial.club\/es\/wp-json\/wp\/v2\/users\/262050677"}],"replies":[{"embeddable":true,"href":"https:\/\/laislabonitasocial.club\/es\/wp-json\/wp\/v2\/comments?post=2711"}],"version-history":[{"count":1,"href":"https:\/\/laislabonitasocial.club\/es\/wp-json\/wp\/v2\/posts\/2711\/revisions"}],"predecessor-version":[{"id":2977,"href":"https:\/\/laislabonitasocial.club\/es\/wp-json\/wp\/v2\/posts\/2711\/revisions\/2977"}],"wp:featuredmedia":[{"embeddable":true,"href":"https:\/\/laislabonitasocial.club\/es\/wp-json\/wp\/v2\/media\/2710"}],"wp:attachment":[{"href":"https:\/\/laislabonitasocial.club\/es\/wp-json\/wp\/v2\/media?parent=2711"}],"wp:term":[{"taxonomy":"category","embeddable":true,"href":"https:\/\/laislabonitasocial.club\/es\/wp-json\/wp\/v2\/categories?post=2711"},{"taxonomy":"post_tag","embeddable":true,"href":"https:\/\/laislabonitasocial.club\/es\/wp-json\/wp\/v2\/tags?post=2711"}],"curies":[{"name":"gracias","href":"https:\/\/api.w.org\/{rel}","templated":true}]}}